{"id":11,"date":"2025-05-18T20:22:42","date_gmt":"2025-05-18T20:22:42","guid":{"rendered":"https:\/\/terapiahuta.pl\/blog\/?p=11"},"modified":"2025-05-18T20:22:42","modified_gmt":"2025-05-18T20:22:42","slug":"o-mnie","status":"publish","type":"post","link":"https:\/\/terapiahuta.pl\/blog\/?p=11","title":{"rendered":"O mnie"},"content":{"rendered":"\n<figure class=\"wp-block-image size-large\"><img decoding=\"async\" loading=\"lazy\" width=\"768\" height=\"1024\" src=\"https:\/\/terapiahuta.pl\/blog\/wp-content\/uploads\/2025\/05\/494359225_695261196531592_896846181808859856_n-1-768x1024.jpg\" alt=\"\" class=\"wp-image-12\" srcset=\"https:\/\/terapiahuta.pl\/blog\/wp-content\/uploads\/2025\/05\/494359225_695261196531592_896846181808859856_n-1-768x1024.jpg 768w, https:\/\/terapiahuta.pl\/blog\/wp-content\/uploads\/2025\/05\/494359225_695261196531592_896846181808859856_n-1-225x300.jpg 225w, https:\/\/terapiahuta.pl\/blog\/wp-content\/uploads\/2025\/05\/494359225_695261196531592_896846181808859856_n-1-1152x1536.jpg 1152w, https:\/\/terapiahuta.pl\/blog\/wp-content\/uploads\/2025\/05\/494359225_695261196531592_896846181808859856_n-1.jpg 1500w\" sizes=\"(max-width: 768px) 100vw, 768px\" \/><\/figure>\n\n\n\n<p><\/p>\n\n\n\n<p>Nazywam si\u0119 Karolina P\u00f3\u0142rola-Mi\u0119tka. Jestem psycholo\u017ck\u0105 i dyplomowan\u0105 psychoterapeutk\u0105.<br>W ramach psychoterapii indywidualnej pracuj\u0119 z osobami doros\u0142ymi (od 18 r.\u017c., r\u00f3wnie\u017c ze studentami) w nurcie psychodynamicznym (korzystaj\u0105c z rozumienia psychoanalitycznego). Prowadz\u0119 tak\u017ce terapi\u0119 par i ma\u0142\u017ce\u0144stw podej\u015bciu zintegrowanym (psychodynamicznym\/systemowym).<\/p>\n\n\n\n<p><strong>Oferuj\u0119 psychoterapi\u0119 stacjonarn\u0105, a tak\u017ce konsultacje i psychoterapi\u0119 online (dla os\u00f3b spoza Krakowa i okolic).<\/strong><\/p>\n\n\n\n<p><strong>WYKSZTA\u0141CENIE I KWALIFIKACJE<\/strong><\/p>\n\n\n\n<p>Uko\u0144czy\u0142am 5-letnie studia magisterskie na kierunku Psychologia na Uniwersytecie Kardyna\u0142a Stefana Wyszy\u0144skiego w Warszawie, a nast\u0119pnie ca\u0142o\u015bciowe 4-letnie szkolenie w Szkole Psychoterapii Psychodynamicznej w Krakowskim Centrum Psychodynamicznym (kurs rekomendowany przez Polskie Towarzystwo Psychologiczne). Uko\u0144czy\u0142am te\u017c specjalistyczny kurs Terapia Par w Krakowskiej Fundacji Rozwoju Psychoterapii.<\/p>\n\n\n\n<p>Do\u015bwiadczenie zawodowe zdobywa\u0142am, pracuj\u0105c jako psychoterapeutka w O\u015brodku Poradnictwa<br>i Terapii Rodzin, Poradni Psychoterapii Dzieci i M\u0142odzie\u017cy w Krakowie, jak r\u00f3wnie\u017c jako psycholo\u017cka w Szkole Podstawowej nr 14 w Warszawie. Do\u015bwiadczenia psychoterapeutyczne mia\u0142am okazj\u0119 pog\u0142\u0119bia\u0107 w ramach sta\u017cy w Klinice Psychiatrii Dzieci, M\u0142odzie\u017cy i Doros\u0142ych Szpitala Uniwersyteckiego w Krakowie oraz w Krakowskim Instytucie Psychoterapii. Przez okres blisko 7 lat pracowa\u0142am tak\u017ce w O\u015brodku Adopcyjnym Stowarzyszenia \u201ePro Familia\u201d z parami, kt\u00f3re nie mog\u0105 doczeka\u0107 si\u0119 dzieci drog\u0105 naturaln\u0105 i pragn\u0105 je przysposobi\u0107.<\/p>\n\n\n\n<p>W trosce o jak najlepsz\u0105 opiek\u0119 psychoterapeutyczn\u0105 swoj\u0105 prac\u0119 poddaje regularnej superwizji.<br>W trakcie swojej 15-letniej praktyki psychologicznej staram si\u0119 stale podnosi\u0107 swoje kwalifikacje zawodowe. Swoim pacjentom zapewniam dyskrecj\u0119 oraz poufno\u015b\u0107. Nale\u017c\u0119 do Polskiego Towarzystwa Psychoterapii Psychodynamicznej.<\/p>\n\n\n\n<p><strong>W CZYM MOG\u0118 POM\u00d3C<\/strong><\/p>\n\n\n\n<p>Prowadz\u0119 konsultacje psychologiczne\/psychoterapi\u0119 z nast\u0119puj\u0105cych obszar\u00f3w:<\/p>\n\n\n\n<ul>\n<li>kryzysy \u017cyciowe oraz ma\u0142\u017ce\u0144skie\/partnerskich<\/li>\n\n\n\n<li>trudno\u015bci w budowaniu relacji z innymi<\/li>\n\n\n\n<li>trudno\u015bci w budowaniu relacji damsko-m\u0119skich<\/li>\n\n\n\n<li>trudno\u015bci emocjonalne wynikaj\u0105ce z niep\u0142odno\u015bci<\/li>\n\n\n\n<li>towarzyszenie w prze\u017cywaniu \u017ca\u0142oby i utraty<\/li>\n\n\n\n<li>problemy dotycz\u0105ce poczucia w\u0142asnej warto\u015bci i samooceny<\/li>\n\n\n\n<li>trudno\u015bci w \u017cyciu zawodowym<\/li>\n\n\n\n<li>szeroko rozumiane zaburzenia emocjonalne<\/li>\n\n\n\n<li>zaburzenia adaptacyjne<\/li>\n\n\n\n<li>zaburzenia nastroju, depresja<\/li>\n\n\n\n<li>zaburzenia l\u0119kowe (dawniej &#8222;nerwice&#8221;)<\/li>\n\n\n\n<li>zaburzenia osobowo\u015bci<\/li>\n\n\n\n<li>zaburzenia psychosomatyczne<\/li>\n<\/ul>\n","protected":false},"excerpt":{"rendered":"<p>Nazywam si\u0119 Karolina P\u00f3\u0142rola-Mi\u0119tka. Jestem psycholo\u017ck\u0105 i dyplomowan\u0105 psychoterapeutk\u0105.W ramach psychoterapii indywidualnej pracuj\u0119 z osobami doros\u0142ymi (od 18 r.\u017c., r\u00f3wnie\u017c ze studentami) w nurcie psychodynamicznym (korzystaj\u0105c z rozumienia psychoanalitycznego). Prowadz\u0119 tak\u017ce terapi\u0119 par i ma\u0142\u017ce\u0144stw podej\u015bciu zintegrowanym (psychodynamicznym\/systemowym). Oferuj\u0119 psychoterapi\u0119 stacjonarn\u0105, a tak\u017ce konsultacje i psychoterapi\u0119 online (dla os\u00f3b spoza Krakowa i okolic). WYKSZTA\u0141CENIE I [&hellip;]<\/p>\n","protected":false},"author":1,"featured_media":0,"comment_status":"open","ping_status":"open","sticky":false,"template":"","format":"standard","meta":[],"categories":[1],"tags":[],"_links":{"self":[{"href":"https:\/\/terapiahuta.pl\/blog\/index.php?rest_route=\/wp\/v2\/posts\/11"}],"collection":[{"href":"https:\/\/terapiahuta.pl\/blog\/index.php?rest_route=\/wp\/v2\/posts"}],"about":[{"href":"https:\/\/terapiahuta.pl\/blog\/index.php?rest_route=\/wp\/v2\/types\/post"}],"author":[{"embeddable":true,"href":"https:\/\/terapiahuta.pl\/blog\/index.php?rest_route=\/wp\/v2\/users\/1"}],"replies":[{"embeddable":true,"href":"https:\/\/terapiahuta.pl\/blog\/index.php?rest_route=%2Fwp%2Fv2%2Fcomments&post=11"}],"version-history":[{"count":1,"href":"https:\/\/terapiahuta.pl\/blog\/index.php?rest_route=\/wp\/v2\/posts\/11\/revisions"}],"predecessor-version":[{"id":13,"href":"https:\/\/terapiahuta.pl\/blog\/index.php?rest_route=\/wp\/v2\/posts\/11\/revisions\/13"}],"wp:attachment":[{"href":"https:\/\/terapiahuta.pl\/blog\/index.php?rest_route=%2Fwp%2Fv2%2Fmedia&parent=11"}],"wp:term":[{"taxonomy":"category","embeddable":true,"href":"https:\/\/terapiahuta.pl\/blog\/index.php?rest_route=%2Fwp%2Fv2%2Fcategories&post=11"},{"taxonomy":"post_tag","embeddable":true,"href":"https:\/\/terapiahuta.pl\/blog\/index.php?rest_route=%2Fwp%2Fv2%2Ftags&post=11"}],"curies":[{"name":"wp","href":"https:\/\/api.w.org\/{rel}","templated":true}]}}